[{"@context":"https:\/\/schema.org\/","@type":"Article","@id":"https:\/\/www.strban.cz\/svedsko-raj-pro-gurmany\/#Article","mainEntityOfPage":"https:\/\/www.strban.cz\/svedsko-raj-pro-gurmany\/","headline":"\u0160v\u00e9dsko \u2013 r\u00e1j pro gurm\u00e1ny","name":"\u0160v\u00e9dsko \u2013 r\u00e1j pro gurm\u00e1ny","description":"Festival rak\u016f neboli kr\u00e4ftskiva Festival rak\u016f se kon\u00e1 ka\u017edoro\u010dn\u011b v srpnu (v\u011bt\u0161inou v druh\u00e9m t\u00fddnu). Jde t\u00e9m\u011b\u0159 o stoletou tradici.","datePublished":"2019-06-12","dateModified":"2023-05-04","author":{"@type":"Person","@id":"https:\/\/www.strban.cz\/author\/#Person","name":"strban.cz\n","url":"https:\/\/www.strban.cz\/author\/","identifier":1,"image":{"@type":"ImageObject","@id":"https:\/\/secure.gravatar.com\/avatar\/0379e0c919e89f337c2f51ff1404922f8441b43281fb91f3719df99f70b9888f?s=96&d=mm&r=g","url":"https:\/\/secure.gravatar.com\/avatar\/0379e0c919e89f337c2f51ff1404922f8441b43281fb91f3719df99f70b9888f?s=96&d=mm&r=g","height":96,"width":96}},"publisher":{"@type":"Organization","name":"strban.cz","logo":{"@type":"ImageObject","@id":"\/logo.png","url":"\/logo.png","width":600,"height":60}},"image":{"@type":"ImageObject","@id":"https:\/\/www.strban.cz\/wp-content\/uploads\/img_a348014_w2192_t1562498178.jpg","url":"https:\/\/www.strban.cz\/wp-content\/uploads\/img_a348014_w2192_t1562498178.jpg","height":0,"width":0},"url":"https:\/\/www.strban.cz\/svedsko-raj-pro-gurmany\/","about":["Cestov\u00e1n\u00ed"],"wordCount":413,"articleBody":"\tFestival rak\u016f neboli kr\u00e4ftskiva\tFestival rak\u016f se kon\u00e1 ka\u017edoro\u010dn\u011b v srpnu (v\u011bt\u0161inou v druh\u00e9m t\u00fddnu). Jde t\u00e9m\u011b\u0159 o stoletou tradici. Raka si m\u016f\u017eete vylovit sami, pot\u00e9 se raci konzumuj\u00ed. Va\u0159\u00ed se v osolen\u00e9 vod\u011b. \u0160v\u00e9dov\u00e9 jsou velc\u00ed ra\u010d\u00ed gurm\u00e1ni a ro\u010dn\u011b p\u0159ipadne na jednoho \u0160v\u00e9da a\u017e p\u016fl kilogramu rak\u016f. Tento festival je dopln\u011bn doprovodn\u00fdm programem. V kategorii d\u00edvek do 16let se ur\u010d\u00ed ra\u010d\u00ed kr\u00e1lovna. Ta pak v 17 hodin odstartuje v\u00fdlov rak\u016f. Do v\u00fdlovu se mohou zapojit d\u011bti do 15let. Mlad\u0161\u00edm d\u011btem mohou pomoci tat\u00ednci.\t\tTlust\u00e9 \u00fater\u00fd neboli fettisdagen (sammeldagen)\tSlav\u00ed se 40 dn\u00ed p\u0159ed Velikonocemi, tedy na za\u010d\u00e1tku velikono\u010dn\u00edho p\u016fstu. Tlust\u00e9 \u00fater\u00fd se slav\u00ed spolu se sladkou dobrotou zvanou semla. Jde o kynut\u00e9 t\u011bsto ochucen\u00e9 kardamonem. Pe\u010de se jako bulka, n\u00e1sledn\u011b se roz\u0159\u00edzne, vnit\u0159ek se zdob\u00ed \u0161leha\u010dkou a marcip\u00e1novou pastou, u\u0159\u00edznut\u00e1 \u010d\u00e1st se p\u0159iklop\u00ed zp\u00e1tky a pocukruje. Tradi\u010dn\u011b se konzumuje namo\u010den\u00e1 v tal\u00ed\u0159i tepl\u00e9ho ml\u00e9ka, ale lze si ji dop\u0159\u00e1t i ke k\u00e1v\u011b.\tVaflov\u00fd den neboli vafledagen\tVafle jsou tradi\u010dn\u00edm sladk\u00fdm pokrmem. Maj\u00ed taky sv\u016fj den, kter\u00fd p\u0159ipad\u00e1 na 25. b\u0159ezna. Daj\u00ed se koupit na ka\u017ed\u00e9m rohu. Jsou zdobeny \u0161leha\u010dkou, ovocem a marmel\u00e1dou nebo zmrzlinou.\tDen sko\u0159icov\u00fdch \u0161nek\u016f neboli kanelbullens dag\tTento den se za\u010dal slavit a\u017e od roku 1999 a p\u0159ipad\u00e1 na 4. \u0159\u00edjna. P\u0159esto je tato sladk\u00e9 pe\u010divo b\u011b\u017en\u011b k dost\u00e1n\u00ed a t\u011b\u0161\u00ed se velik\u00e9 oblib\u011b. \u0160v\u00e9dov\u00e9 si jej dop\u0159\u00e1vaj\u00ed na sva\u010dinky nebo ke k\u00e1v\u011b. Kanellbular jsou pe\u010deny z kynut\u00e9ho t\u011bsta, op\u011bt dochucen\u00e9m obl\u00edben\u00fdm kardamonem. N\u00e1zev \u201e\u0161nek\u201c si vyslou\u017eili pr\u00e1vem, nebo\u0165 se roluj\u00ed do tvaru jej p\u0159ipom\u00ednaj\u00edc\u00ed. P\u0159ed rolov\u00e1n\u00edm se pot\u00edr\u00e1 m\u00e1slem, cukrem a sko\u0159ic\u00ed. Nakonec se zdob\u00ed perlov\u00fdm cukrem.\t\tFika (\u010dti \u201ef\u00edka\u201c) \u2013 posezen\u00ed u k\u00e1vy s p\u0159\u00e1teli, rodinou\tJde o tradici, kter\u00e1 je velice obl\u00edben\u00e1. Slav\u00ed se ka\u017ed\u00fd den. Je to sva\u010dina a z\u00e1rove\u0148 odpo\u010dinek, u kter\u00e9ho nem\u016f\u017ee chyb\u011bt n\u011bco dobr\u00e9ho, zejm\u00e9na sladkosti, sendvi\u010de a k\u00e1va. \u0160v\u00e9dov\u00e9 nav\u00edc triumfuj\u00ed v pit\u00ed k\u00e1vy v\u016fbec.                                                                                                                                                                                                                                                                                                                                                                                        4.2\/5 - (12 votes)        "},{"@context":"https:\/\/schema.org\/","@type":"BreadcrumbList","itemListElement":[{"@type":"ListItem","position":1,"name":"\u0160v\u00e9dsko \u2013 r\u00e1j pro gurm\u00e1ny","item":"https:\/\/www.strban.cz\/svedsko-raj-pro-gurmany\/#breadcrumbitem"}]}]